{"id":615,"date":"2018-05-15T22:33:30","date_gmt":"2018-05-15T20:33:30","guid":{"rendered":"http:\/\/ideeallavoro.com\/?p=615"},"modified":"2018-06-05T11:13:31","modified_gmt":"2018-06-05T09:13:31","slug":"festival-della-tv-e-dei-nuovi-media","status":"publish","type":"post","link":"https:\/\/ideeallavoro.com\/index.php\/2018\/05\/15\/festival-della-tv-e-dei-nuovi-media\/","title":{"rendered":"Festival della Tv e dei Nuovi Media 2018"},"content":{"rendered":"<p>E&#8217; stata una settima edizione ricca di ospiti, di pubblico e contenuti. Tanti spunti su cui riflettere, idee da condividere e da rielaborare. Anteprime di documentari importanti, un flash mob che ha coinvolto pi\u00f9 di 700 persone. Un Festival che si identifica con il luogo dove \u00e8 nato, Dogliani, proiettandolo in una dimensione nazionale. La ricchezza dell&#8217;Italia \u00e8 nel suo territorio. Il festival della Tv ha raccontato anche questo. Le idee contano.<\/p>\n","protected":false},"excerpt":{"rendered":"<p>E&#8217; stata una settima edizione ricca di ospiti, di pubblico e contenuti. Tanti spunti su cui riflettere, idee da condividere e da rielaborare. Anteprime di&#8230;<\/p>\n<p class=\"readmore\"><a class=\"more-btn\" href=\"https:\/\/ideeallavoro.com\/index.php\/2018\/05\/15\/festival-della-tv-e-dei-nuovi-media\/\">Read More<\/a><\/p>\n","protected":false},"author":3,"featured_media":616,"comment_status":"closed","ping_status":"open","sticky":false,"template":"","format":"standard","meta":[],"categories":[5],"tags":[57,63,62],"_links":{"self":[{"href":"https:\/\/ideeallavoro.com\/index.php\/wp-json\/wp\/v2\/posts\/615"}],"collection":[{"href":"https:\/\/ideeallavoro.com\/index.php\/wp-json\/wp\/v2\/posts"}],"about":[{"href":"https:\/\/ideeallavoro.com\/index.php\/wp-json\/wp\/v2\/types\/post"}],"author":[{"embeddable":true,"href":"https:\/\/ideeallavoro.com\/index.php\/wp-json\/wp\/v2\/users\/3"}],"replies":[{"embeddable":true,"href":"https:\/\/ideeallavoro.com\/index.php\/wp-json\/wp\/v2\/comments?post=615"}],"version-history":[{"count":2,"href":"https:\/\/ideeallavoro.com\/index.php\/wp-json\/wp\/v2\/posts\/615\/revisions"}],"predecessor-version":[{"id":618,"href":"https:\/\/ideeallavoro.com\/index.php\/wp-json\/wp\/v2\/posts\/615\/revisions\/618"}],"wp:featuredmedia":[{"embeddable":true,"href":"https:\/\/ideeallavoro.com\/index.php\/wp-json\/wp\/v2\/media\/616"}],"wp:attachment":[{"href":"https:\/\/ideeallavoro.com\/index.php\/wp-json\/wp\/v2\/media?parent=615"}],"wp:term":[{"taxonomy":"category","embeddable":true,"href":"https:\/\/ideeallavoro.com\/index.php\/wp-json\/wp\/v2\/categories?post=615"},{"taxonomy":"post_tag","embeddable":true,"href":"https:\/\/ideeallavoro.com\/index.php\/wp-json\/wp\/v2\/tags?post=615"}],"curies":[{"name":"wp","href":"https:\/\/api.w.org\/{rel}","templated":true}]}}