{"id":9,"date":"2015-12-18T01:00:18","date_gmt":"2015-12-18T00:00:18","guid":{"rendered":"http:\/\/demo.deliciousthemes.com\/patti\/?p=9"},"modified":"2018-06-04T11:31:39","modified_gmt":"2018-06-04T09:31:39","slug":"role-of-size-in-logo-design","status":"publish","type":"post","link":"https:\/\/ideeallavoro.com\/index.php\/2015\/12\/18\/role-of-size-in-logo-design\/","title":{"rendered":"Premio Bottari Lattes Grinzane"},"content":{"rendered":"<p>Il Premio Bottari Lattes Grinzane giunge alla sua sesta edizione.<\/p>\n<p><!--more--><\/p>\n<p><strong>Il Premio Bottari Lattes Grinzane giunge alla sua sesta edizione. <\/strong>Il riconoscimento \u00e8 suddiviso in due sezioni: Il Germoglio \u00e8 destinata a opere di scrittori italiani e stranieri pubblicate in Italia nell\u2019ultimo anno; La Quercia vuole segnalare un grande autore internazionale, meritevole di un condiviso apprezzamento critico. Il premio per la sezione Il Germoglio, nel 2015, \u00e8 andato a Morten Brask con La Vita perfetta di William Sidis e per La Quercia \u00e8 stato premiato Javier Mar\u00edas, uno dei pi\u00f9 grandi e geniali scrittori spagnoli.<\/p>\n","protected":false},"excerpt":{"rendered":"<p>Il Premio Bottari Lattes Grinzane giunge alla sua sesta edizione.<\/p>\n","protected":false},"author":1,"featured_media":208,"comment_status":"closed","ping_status":"open","sticky":false,"template":"","format":"standard","meta":[],"categories":[2,5],"tags":[15,17],"_links":{"self":[{"href":"https:\/\/ideeallavoro.com\/index.php\/wp-json\/wp\/v2\/posts\/9"}],"collection":[{"href":"https:\/\/ideeallavoro.com\/index.php\/wp-json\/wp\/v2\/posts"}],"about":[{"href":"https:\/\/ideeallavoro.com\/index.php\/wp-json\/wp\/v2\/types\/post"}],"author":[{"embeddable":true,"href":"https:\/\/ideeallavoro.com\/index.php\/wp-json\/wp\/v2\/users\/1"}],"replies":[{"embeddable":true,"href":"https:\/\/ideeallavoro.com\/index.php\/wp-json\/wp\/v2\/comments?post=9"}],"version-history":[{"count":2,"href":"https:\/\/ideeallavoro.com\/index.php\/wp-json\/wp\/v2\/posts\/9\/revisions"}],"predecessor-version":[{"id":387,"href":"https:\/\/ideeallavoro.com\/index.php\/wp-json\/wp\/v2\/posts\/9\/revisions\/387"}],"wp:featuredmedia":[{"embeddable":true,"href":"https:\/\/ideeallavoro.com\/index.php\/wp-json\/wp\/v2\/media\/208"}],"wp:attachment":[{"href":"https:\/\/ideeallavoro.com\/index.php\/wp-json\/wp\/v2\/media?parent=9"}],"wp:term":[{"taxonomy":"category","embeddable":true,"href":"https:\/\/ideeallavoro.com\/index.php\/wp-json\/wp\/v2\/categories?post=9"},{"taxonomy":"post_tag","embeddable":true,"href":"https:\/\/ideeallavoro.com\/index.php\/wp-json\/wp\/v2\/tags?post=9"}],"curies":[{"name":"wp","href":"https:\/\/api.w.org\/{rel}","templated":true}]}}